{"id":2807,"date":"2026-03-11T13:18:04","date_gmt":"2026-03-11T13:18:04","guid":{"rendered":"https:\/\/sinprfsc.org.br\/site\/?p=2807"},"modified":"2026-03-11T14:02:32","modified_gmt":"2026-03-11T14:02:32","slug":"sinprf-sc-convoca-sindicalizados-para-assembleias-gerais","status":"publish","type":"post","link":"https:\/\/sinprfsc.org.br\/site\/sinprf-sc-convoca-sindicalizados-para-assembleias-gerais\/","title":{"rendered":"SINPRF\/SC convoca sindicalizados para Assembleias Gerais"},"content":{"rendered":"<p>O SINPRF\/SC realizar\u00e1, no pr\u00f3ximo dia 17 de mar\u00e7o, a Assembleia Geral Ordin\u00e1ria e a Assembleia Geral Extraordin\u00e1ria, com participa\u00e7\u00e3o presencial na sede do sindicato, em S\u00e3o Jos\u00e9, e tamb\u00e9m por videoconfer\u00eancia.<\/p>\n<p>A Assembleia Geral Ordin\u00e1ria ocorrer\u00e1 \u00e0s 9h (primeira chamada) e \u00e0s 9h30 (segunda chamada), com a pauta voltada \u00e0 aprecia\u00e7\u00e3o da presta\u00e7\u00e3o de contas do exerc\u00edcio de 2025 e \u00e0 aprova\u00e7\u00e3o da previs\u00e3o or\u00e7ament\u00e1ria para 2026.<\/p>\n<p>Na sequ\u00eancia, ser\u00e1 realizada a Assembleia Geral Extraordin\u00e1ria, \u00e0s 10h (primeira chamada) e \u00e0s 10h30 (segunda chamada), para tratar de temas importantes para a categoria, como os desdobramentos da PEC 18, o Fundo de Combate \u00e0s Organiza\u00e7\u00f5es Criminosas (FUNCOC) e outros assuntos de interesse da categoria.<\/p>\n<p>O link para a participa\u00e7\u00e3o on-line ser\u00e1 disponibilizado instantes antes do in\u00edcio das assembleias.<\/p>\n<p>A participa\u00e7\u00e3o dos sindicalizados \u00e9 fundamental. \u00c9 nas assembleias que os filiados acompanham as a\u00e7\u00f5es do sindicato, discutem pautas importantes e participam das decis\u00f5es que impactam diretamente a categoria. Quanto maior o envolvimento dos sindicalizados, mais forte e representativo se torna o trabalho do sindicato.<\/p>\n<p>Confira os editais abaixo.<\/p>\n<p><img fetchpriority=\"high\" decoding=\"async\" class=\"alignnone  wp-image-2812 aligncenter\" src=\"https:\/\/sinprfsc.org.br\/site\/wp-content\/uploads\/2026\/03\/Edital-01-2026-Assembleia-Geral-Ordinaria-1-212x300.jpg\" alt=\"\" width=\"327\" height=\"463\" srcset=\"https:\/\/sinprfsc.org.br\/site\/wp-content\/uploads\/2026\/03\/Edital-01-2026-Assembleia-Geral-Ordinaria-1-212x300.jpg 212w, https:\/\/sinprfsc.org.br\/site\/wp-content\/uploads\/2026\/03\/Edital-01-2026-Assembleia-Geral-Ordinaria-1-724x1024.jpg 724w, https:\/\/sinprfsc.org.br\/site\/wp-content\/uploads\/2026\/03\/Edital-01-2026-Assembleia-Geral-Ordinaria-1-768x1086.jpg 768w, https:\/\/sinprfsc.org.br\/site\/wp-content\/uploads\/2026\/03\/Edital-01-2026-Assembleia-Geral-Ordinaria-1-1086x1536.jpg 1086w, https:\/\/sinprfsc.org.br\/site\/wp-content\/uploads\/2026\/03\/Edital-01-2026-Assembleia-Geral-Ordinaria-1-1448x2048.jpg 1448w, https:\/\/sinprfsc.org.br\/site\/wp-content\/uploads\/2026\/03\/Edital-01-2026-Assembleia-Geral-Ordinaria-1.jpg 1654w\" sizes=\"(max-width: 327px) 100vw, 327px\" \/> <img decoding=\"async\" class=\"alignnone  wp-image-2813 aligncenter\" src=\"https:\/\/sinprfsc.org.br\/site\/wp-content\/uploads\/2026\/03\/Edital-02-2026-Assembleia-Geral-Extraordinaria-_1_-212x300.jpg\" alt=\"\" width=\"319\" height=\"451\" srcset=\"https:\/\/sinprfsc.org.br\/site\/wp-content\/uploads\/2026\/03\/Edital-02-2026-Assembleia-Geral-Extraordinaria-_1_-212x300.jpg 212w, https:\/\/sinprfsc.org.br\/site\/wp-content\/uploads\/2026\/03\/Edital-02-2026-Assembleia-Geral-Extraordinaria-_1_-724x1024.jpg 724w, https:\/\/sinprfsc.org.br\/site\/wp-content\/uploads\/2026\/03\/Edital-02-2026-Assembleia-Geral-Extraordinaria-_1_-768x1086.jpg 768w, https:\/\/sinprfsc.org.br\/site\/wp-content\/uploads\/2026\/03\/Edital-02-2026-Assembleia-Geral-Extraordinaria-_1_-1086x1536.jpg 1086w, https:\/\/sinprfsc.org.br\/site\/wp-content\/uploads\/2026\/03\/Edital-02-2026-Assembleia-Geral-Extraordinaria-_1_-1448x2048.jpg 1448w, https:\/\/sinprfsc.org.br\/site\/wp-content\/uploads\/2026\/03\/Edital-02-2026-Assembleia-Geral-Extraordinaria-_1_.jpg 1654w\" sizes=\"(max-width: 319px) 100vw, 319px\" \/><\/p>\n","protected":false},"excerpt":{"rendered":"<p>O SINPRF\/SC realizar\u00e1, no pr\u00f3ximo dia 17 de mar\u00e7o, a Assembleia Geral Ordin\u00e1ria e a Assembleia Geral Extraordin\u00e1ria, com participa\u00e7\u00e3o presencial na sede do sindicato, em S\u00e3o Jos\u00e9, e tamb\u00e9m por videoconfer\u00eancia. A Assembleia Geral Ordin\u00e1ria ocorrer\u00e1 \u00e0s 9h (primeira chamada) e \u00e0s 9h30 (segunda chamada), com a pauta voltada \u00e0 aprecia\u00e7\u00e3o da presta\u00e7\u00e3o de contas do exerc\u00edcio de 2025 e \u00e0 aprova\u00e7\u00e3o da previs\u00e3o or\u00e7ament\u00e1ria para 2026. Na sequ\u00eancia, ser\u00e1 realizada a Assembleia Geral Extraordin\u00e1ria, \u00e0s 10h (primeira chamada) e \u00e0s 10h30 (segunda chamada), para tratar de temas importantes para a categoria, como os desdobramentos da PEC 18, o Fundo de Combate \u00e0s Organiza\u00e7\u00f5es Criminosas (FUNCOC) e outros assuntos de interesse da categoria. O link para a participa\u00e7\u00e3o on-line ser\u00e1 disponibilizado instantes antes do in\u00edcio das assembleias. A participa\u00e7\u00e3o dos sindicalizados \u00e9 fundamental. \u00c9 nas assembleias que os filiados acompanham as a\u00e7\u00f5es do sindicato, discutem pautas importantes e participam das decis\u00f5es que impactam diretamente a categoria. Quanto maior o envolvimento dos sindicalizados, mais forte e representativo se torna o trabalho do sindicato. Confira os editais abaixo.<\/p>\n","protected":false},"author":1,"featured_media":2527,"comment_status":"closed","ping_status":"open","sticky":false,"template":"","format":"standard","meta":{"nf_dc_page":"","footnotes":""},"categories":[9,1],"tags":[],"class_list":["post-2807","post","type-post","status-publish","format-standard","has-post-thumbnail","hentry","category-destaque","category-geral"],"yoast_head":"<!-- This site is optimized with the Yoast SEO plugin v27.4 - https:\/\/yoast.com\/product\/yoast-seo-wordpress\/ -->\n<title>SINPRF\/SC convoca sindicalizados para Assembleias Gerais - SINPRF\/SC<\/title>\n<meta name=\"robots\" content=\"index, follow, max-snippet:-1, max-image-preview:large, max-video-preview:-1\" \/>\n<link rel=\"canonical\" href=\"https:\/\/sinprfsc.org.br\/site\/sinprf-sc-convoca-sindicalizados-para-assembleias-gerais\/\" \/>\n<meta property=\"og:locale\" content=\"pt_BR\" \/>\n<meta property=\"og:type\" content=\"article\" \/>\n<meta property=\"og:title\" content=\"SINPRF\/SC convoca sindicalizados para Assembleias Gerais - SINPRF\/SC\" \/>\n<meta property=\"og:description\" content=\"O SINPRF\/SC realizar\u00e1, no pr\u00f3ximo dia 17 de mar\u00e7o, a Assembleia Geral Ordin\u00e1ria e a Assembleia Geral Extraordin\u00e1ria, com participa\u00e7\u00e3o presencial na sede do sindicato, em S\u00e3o Jos\u00e9, e tamb\u00e9m por videoconfer\u00eancia. A Assembleia Geral Ordin\u00e1ria ocorrer\u00e1 \u00e0s 9h (primeira chamada) e \u00e0s 9h30 (segunda chamada), com a pauta voltada \u00e0 aprecia\u00e7\u00e3o da presta\u00e7\u00e3o de contas do exerc\u00edcio de 2025 e \u00e0 aprova\u00e7\u00e3o da previs\u00e3o or\u00e7ament\u00e1ria para 2026. Na sequ\u00eancia, ser\u00e1 realizada a Assembleia Geral Extraordin\u00e1ria, \u00e0s 10h (primeira chamada) e \u00e0s 10h30 (segunda chamada), para tratar de temas importantes para a categoria, como os desdobramentos da PEC 18, o Fundo de Combate \u00e0s Organiza\u00e7\u00f5es Criminosas (FUNCOC) e outros assuntos de interesse da categoria. O link para a participa\u00e7\u00e3o on-line ser\u00e1 disponibilizado instantes antes do in\u00edcio das assembleias. A participa\u00e7\u00e3o dos sindicalizados \u00e9 fundamental. \u00c9 nas assembleias que os filiados acompanham as a\u00e7\u00f5es do sindicato, discutem pautas importantes e participam das decis\u00f5es que impactam diretamente a categoria. Quanto maior o envolvimento dos sindicalizados, mais forte e representativo se torna o trabalho do sindicato. Confira os editais abaixo.\" \/>\n<meta property=\"og:url\" content=\"https:\/\/sinprfsc.org.br\/site\/sinprf-sc-convoca-sindicalizados-para-assembleias-gerais\/\" \/>\n<meta property=\"og:site_name\" content=\"SINPRF\/SC\" \/>\n<meta property=\"article:published_time\" content=\"2026-03-11T13:18:04+00:00\" \/>\n<meta property=\"article:modified_time\" content=\"2026-03-11T14:02:32+00:00\" \/>\n<meta property=\"og:image\" content=\"https:\/\/sinprfsc.org.br\/site\/wp-content\/uploads\/2025\/02\/icone-assembleia.png\" \/>\n\t<meta property=\"og:image:width\" content=\"1080\" \/>\n\t<meta property=\"og:image:height\" content=\"1080\" \/>\n\t<meta property=\"og:image:type\" content=\"image\/png\" \/>\n<meta name=\"author\" content=\"ge57a0_@\" \/>\n<meta name=\"twitter:card\" content=\"summary_large_image\" \/>\n<meta name=\"twitter:label1\" content=\"Escrito por\" \/>\n\t<meta name=\"twitter:data1\" content=\"ge57a0_@\" \/>\n\t<meta name=\"twitter:label2\" content=\"Est. tempo de leitura\" \/>\n\t<meta name=\"twitter:data2\" content=\"2 minutos\" \/>\n<script type=\"application\/ld+json\" class=\"yoast-schema-graph\">{\"@context\":\"https:\\\/\\\/schema.org\",\"@graph\":[{\"@type\":\"Article\",\"@id\":\"https:\\\/\\\/sinprfsc.org.br\\\/site\\\/sinprf-sc-convoca-sindicalizados-para-assembleias-gerais\\\/#article\",\"isPartOf\":{\"@id\":\"https:\\\/\\\/sinprfsc.org.br\\\/site\\\/sinprf-sc-convoca-sindicalizados-para-assembleias-gerais\\\/\"},\"author\":{\"name\":\"ge57a0_@\",\"@id\":\"https:\\\/\\\/sinprfsc.org.br\\\/site\\\/#\\\/schema\\\/person\\\/b7e065f384a95cf93eac9e05615d8c30\"},\"headline\":\"SINPRF\\\/SC convoca sindicalizados para Assembleias Gerais\",\"datePublished\":\"2026-03-11T13:18:04+00:00\",\"dateModified\":\"2026-03-11T14:02:32+00:00\",\"mainEntityOfPage\":{\"@id\":\"https:\\\/\\\/sinprfsc.org.br\\\/site\\\/sinprf-sc-convoca-sindicalizados-para-assembleias-gerais\\\/\"},\"wordCount\":201,\"publisher\":{\"@id\":\"https:\\\/\\\/sinprfsc.org.br\\\/site\\\/#organization\"},\"image\":{\"@id\":\"https:\\\/\\\/sinprfsc.org.br\\\/site\\\/sinprf-sc-convoca-sindicalizados-para-assembleias-gerais\\\/#primaryimage\"},\"thumbnailUrl\":\"https:\\\/\\\/sinprfsc.org.br\\\/site\\\/wp-content\\\/uploads\\\/2025\\\/02\\\/icone-assembleia.png\",\"articleSection\":[\"Destaque\",\"Geral\"],\"inLanguage\":\"pt-BR\"},{\"@type\":\"WebPage\",\"@id\":\"https:\\\/\\\/sinprfsc.org.br\\\/site\\\/sinprf-sc-convoca-sindicalizados-para-assembleias-gerais\\\/\",\"url\":\"https:\\\/\\\/sinprfsc.org.br\\\/site\\\/sinprf-sc-convoca-sindicalizados-para-assembleias-gerais\\\/\",\"name\":\"SINPRF\\\/SC convoca sindicalizados para Assembleias Gerais - SINPRF\\\/SC\",\"isPartOf\":{\"@id\":\"https:\\\/\\\/sinprfsc.org.br\\\/site\\\/#website\"},\"primaryImageOfPage\":{\"@id\":\"https:\\\/\\\/sinprfsc.org.br\\\/site\\\/sinprf-sc-convoca-sindicalizados-para-assembleias-gerais\\\/#primaryimage\"},\"image\":{\"@id\":\"https:\\\/\\\/sinprfsc.org.br\\\/site\\\/sinprf-sc-convoca-sindicalizados-para-assembleias-gerais\\\/#primaryimage\"},\"thumbnailUrl\":\"https:\\\/\\\/sinprfsc.org.br\\\/site\\\/wp-content\\\/uploads\\\/2025\\\/02\\\/icone-assembleia.png\",\"datePublished\":\"2026-03-11T13:18:04+00:00\",\"dateModified\":\"2026-03-11T14:02:32+00:00\",\"breadcrumb\":{\"@id\":\"https:\\\/\\\/sinprfsc.org.br\\\/site\\\/sinprf-sc-convoca-sindicalizados-para-assembleias-gerais\\\/#breadcrumb\"},\"inLanguage\":\"pt-BR\",\"potentialAction\":[{\"@type\":\"ReadAction\",\"target\":[\"https:\\\/\\\/sinprfsc.org.br\\\/site\\\/sinprf-sc-convoca-sindicalizados-para-assembleias-gerais\\\/\"]}]},{\"@type\":\"ImageObject\",\"inLanguage\":\"pt-BR\",\"@id\":\"https:\\\/\\\/sinprfsc.org.br\\\/site\\\/sinprf-sc-convoca-sindicalizados-para-assembleias-gerais\\\/#primaryimage\",\"url\":\"https:\\\/\\\/sinprfsc.org.br\\\/site\\\/wp-content\\\/uploads\\\/2025\\\/02\\\/icone-assembleia.png\",\"contentUrl\":\"https:\\\/\\\/sinprfsc.org.br\\\/site\\\/wp-content\\\/uploads\\\/2025\\\/02\\\/icone-assembleia.png\",\"width\":1080,\"height\":1080},{\"@type\":\"BreadcrumbList\",\"@id\":\"https:\\\/\\\/sinprfsc.org.br\\\/site\\\/sinprf-sc-convoca-sindicalizados-para-assembleias-gerais\\\/#breadcrumb\",\"itemListElement\":[{\"@type\":\"ListItem\",\"position\":1,\"name\":\"Home\",\"item\":\"https:\\\/\\\/sinprfsc.org.br\\\/site\\\/\"},{\"@type\":\"ListItem\",\"position\":2,\"name\":\"SINPRF\\\/SC convoca sindicalizados para Assembleias Gerais\"}]},{\"@type\":\"WebSite\",\"@id\":\"https:\\\/\\\/sinprfsc.org.br\\\/site\\\/#website\",\"url\":\"https:\\\/\\\/sinprfsc.org.br\\\/site\\\/\",\"name\":\"SINPRF\\\/SC\",\"description\":\"\",\"publisher\":{\"@id\":\"https:\\\/\\\/sinprfsc.org.br\\\/site\\\/#organization\"},\"potentialAction\":[{\"@type\":\"SearchAction\",\"target\":{\"@type\":\"EntryPoint\",\"urlTemplate\":\"https:\\\/\\\/sinprfsc.org.br\\\/site\\\/?s={search_term_string}\"},\"query-input\":{\"@type\":\"PropertyValueSpecification\",\"valueRequired\":true,\"valueName\":\"search_term_string\"}}],\"inLanguage\":\"pt-BR\"},{\"@type\":\"Organization\",\"@id\":\"https:\\\/\\\/sinprfsc.org.br\\\/site\\\/#organization\",\"name\":\"SINPRF\\\/SC\",\"url\":\"https:\\\/\\\/sinprfsc.org.br\\\/site\\\/\",\"logo\":{\"@type\":\"ImageObject\",\"inLanguage\":\"pt-BR\",\"@id\":\"https:\\\/\\\/sinprfsc.org.br\\\/site\\\/#\\\/schema\\\/logo\\\/image\\\/\",\"url\":\"https:\\\/\\\/sinprfsc.org.br\\\/site\\\/wp-content\\\/uploads\\\/2024\\\/11\\\/LogoSite_a.png\",\"contentUrl\":\"https:\\\/\\\/sinprfsc.org.br\\\/site\\\/wp-content\\\/uploads\\\/2024\\\/11\\\/LogoSite_a.png\",\"width\":500,\"height\":228,\"caption\":\"SINPRF\\\/SC\"},\"image\":{\"@id\":\"https:\\\/\\\/sinprfsc.org.br\\\/site\\\/#\\\/schema\\\/logo\\\/image\\\/\"}},{\"@type\":\"Person\",\"@id\":\"https:\\\/\\\/sinprfsc.org.br\\\/site\\\/#\\\/schema\\\/person\\\/b7e065f384a95cf93eac9e05615d8c30\",\"name\":\"ge57a0_@\",\"image\":{\"@type\":\"ImageObject\",\"inLanguage\":\"pt-BR\",\"@id\":\"https:\\\/\\\/secure.gravatar.com\\\/avatar\\\/c0585496604dc1e63f501641924b5e306e95b4ff58f9b084c449218480323504?s=96&d=mm&r=g\",\"url\":\"https:\\\/\\\/secure.gravatar.com\\\/avatar\\\/c0585496604dc1e63f501641924b5e306e95b4ff58f9b084c449218480323504?s=96&d=mm&r=g\",\"contentUrl\":\"https:\\\/\\\/secure.gravatar.com\\\/avatar\\\/c0585496604dc1e63f501641924b5e306e95b4ff58f9b084c449218480323504?s=96&d=mm&r=g\",\"caption\":\"ge57a0_@\"},\"sameAs\":[\"https:\\\/\\\/sinprfsc.org.br\\\/site\"],\"url\":\"https:\\\/\\\/sinprfsc.org.br\\\/site\\\/author\\\/ge57a0_\\\/\"}]}<\/script>\n<!-- \/ Yoast SEO plugin. -->","yoast_head_json":{"title":"SINPRF\/SC convoca sindicalizados para Assembleias Gerais - SINPRF\/SC","robots":{"index":"index","follow":"follow","max-snippet":"max-snippet:-1","max-image-preview":"max-image-preview:large","max-video-preview":"max-video-preview:-1"},"canonical":"https:\/\/sinprfsc.org.br\/site\/sinprf-sc-convoca-sindicalizados-para-assembleias-gerais\/","og_locale":"pt_BR","og_type":"article","og_title":"SINPRF\/SC convoca sindicalizados para Assembleias Gerais - SINPRF\/SC","og_description":"O SINPRF\/SC realizar\u00e1, no pr\u00f3ximo dia 17 de mar\u00e7o, a Assembleia Geral Ordin\u00e1ria e a Assembleia Geral Extraordin\u00e1ria, com participa\u00e7\u00e3o presencial na sede do sindicato, em S\u00e3o Jos\u00e9, e tamb\u00e9m por videoconfer\u00eancia. A Assembleia Geral Ordin\u00e1ria ocorrer\u00e1 \u00e0s 9h (primeira chamada) e \u00e0s 9h30 (segunda chamada), com a pauta voltada \u00e0 aprecia\u00e7\u00e3o da presta\u00e7\u00e3o de contas do exerc\u00edcio de 2025 e \u00e0 aprova\u00e7\u00e3o da previs\u00e3o or\u00e7ament\u00e1ria para 2026. Na sequ\u00eancia, ser\u00e1 realizada a Assembleia Geral Extraordin\u00e1ria, \u00e0s 10h (primeira chamada) e \u00e0s 10h30 (segunda chamada), para tratar de temas importantes para a categoria, como os desdobramentos da PEC 18, o Fundo de Combate \u00e0s Organiza\u00e7\u00f5es Criminosas (FUNCOC) e outros assuntos de interesse da categoria. O link para a participa\u00e7\u00e3o on-line ser\u00e1 disponibilizado instantes antes do in\u00edcio das assembleias. A participa\u00e7\u00e3o dos sindicalizados \u00e9 fundamental. \u00c9 nas assembleias que os filiados acompanham as a\u00e7\u00f5es do sindicato, discutem pautas importantes e participam das decis\u00f5es que impactam diretamente a categoria. Quanto maior o envolvimento dos sindicalizados, mais forte e representativo se torna o trabalho do sindicato. Confira os editais abaixo.","og_url":"https:\/\/sinprfsc.org.br\/site\/sinprf-sc-convoca-sindicalizados-para-assembleias-gerais\/","og_site_name":"SINPRF\/SC","article_published_time":"2026-03-11T13:18:04+00:00","article_modified_time":"2026-03-11T14:02:32+00:00","og_image":[{"width":1080,"height":1080,"url":"https:\/\/sinprfsc.org.br\/site\/wp-content\/uploads\/2025\/02\/icone-assembleia.png","type":"image\/png"}],"author":"ge57a0_@","twitter_card":"summary_large_image","twitter_misc":{"Escrito por":"ge57a0_@","Est. tempo de leitura":"2 minutos"},"schema":{"@context":"https:\/\/schema.org","@graph":[{"@type":"Article","@id":"https:\/\/sinprfsc.org.br\/site\/sinprf-sc-convoca-sindicalizados-para-assembleias-gerais\/#article","isPartOf":{"@id":"https:\/\/sinprfsc.org.br\/site\/sinprf-sc-convoca-sindicalizados-para-assembleias-gerais\/"},"author":{"name":"ge57a0_@","@id":"https:\/\/sinprfsc.org.br\/site\/#\/schema\/person\/b7e065f384a95cf93eac9e05615d8c30"},"headline":"SINPRF\/SC convoca sindicalizados para Assembleias Gerais","datePublished":"2026-03-11T13:18:04+00:00","dateModified":"2026-03-11T14:02:32+00:00","mainEntityOfPage":{"@id":"https:\/\/sinprfsc.org.br\/site\/sinprf-sc-convoca-sindicalizados-para-assembleias-gerais\/"},"wordCount":201,"publisher":{"@id":"https:\/\/sinprfsc.org.br\/site\/#organization"},"image":{"@id":"https:\/\/sinprfsc.org.br\/site\/sinprf-sc-convoca-sindicalizados-para-assembleias-gerais\/#primaryimage"},"thumbnailUrl":"https:\/\/sinprfsc.org.br\/site\/wp-content\/uploads\/2025\/02\/icone-assembleia.png","articleSection":["Destaque","Geral"],"inLanguage":"pt-BR"},{"@type":"WebPage","@id":"https:\/\/sinprfsc.org.br\/site\/sinprf-sc-convoca-sindicalizados-para-assembleias-gerais\/","url":"https:\/\/sinprfsc.org.br\/site\/sinprf-sc-convoca-sindicalizados-para-assembleias-gerais\/","name":"SINPRF\/SC convoca sindicalizados para Assembleias Gerais - SINPRF\/SC","isPartOf":{"@id":"https:\/\/sinprfsc.org.br\/site\/#website"},"primaryImageOfPage":{"@id":"https:\/\/sinprfsc.org.br\/site\/sinprf-sc-convoca-sindicalizados-para-assembleias-gerais\/#primaryimage"},"image":{"@id":"https:\/\/sinprfsc.org.br\/site\/sinprf-sc-convoca-sindicalizados-para-assembleias-gerais\/#primaryimage"},"thumbnailUrl":"https:\/\/sinprfsc.org.br\/site\/wp-content\/uploads\/2025\/02\/icone-assembleia.png","datePublished":"2026-03-11T13:18:04+00:00","dateModified":"2026-03-11T14:02:32+00:00","breadcrumb":{"@id":"https:\/\/sinprfsc.org.br\/site\/sinprf-sc-convoca-sindicalizados-para-assembleias-gerais\/#breadcrumb"},"inLanguage":"pt-BR","potentialAction":[{"@type":"ReadAction","target":["https:\/\/sinprfsc.org.br\/site\/sinprf-sc-convoca-sindicalizados-para-assembleias-gerais\/"]}]},{"@type":"ImageObject","inLanguage":"pt-BR","@id":"https:\/\/sinprfsc.org.br\/site\/sinprf-sc-convoca-sindicalizados-para-assembleias-gerais\/#primaryimage","url":"https:\/\/sinprfsc.org.br\/site\/wp-content\/uploads\/2025\/02\/icone-assembleia.png","contentUrl":"https:\/\/sinprfsc.org.br\/site\/wp-content\/uploads\/2025\/02\/icone-assembleia.png","width":1080,"height":1080},{"@type":"BreadcrumbList","@id":"https:\/\/sinprfsc.org.br\/site\/sinprf-sc-convoca-sindicalizados-para-assembleias-gerais\/#breadcrumb","itemListElement":[{"@type":"ListItem","position":1,"name":"Home","item":"https:\/\/sinprfsc.org.br\/site\/"},{"@type":"ListItem","position":2,"name":"SINPRF\/SC convoca sindicalizados para Assembleias Gerais"}]},{"@type":"WebSite","@id":"https:\/\/sinprfsc.org.br\/site\/#website","url":"https:\/\/sinprfsc.org.br\/site\/","name":"SINPRF\/SC","description":"","publisher":{"@id":"https:\/\/sinprfsc.org.br\/site\/#organization"},"potentialAction":[{"@type":"SearchAction","target":{"@type":"EntryPoint","urlTemplate":"https:\/\/sinprfsc.org.br\/site\/?s={search_term_string}"},"query-input":{"@type":"PropertyValueSpecification","valueRequired":true,"valueName":"search_term_string"}}],"inLanguage":"pt-BR"},{"@type":"Organization","@id":"https:\/\/sinprfsc.org.br\/site\/#organization","name":"SINPRF\/SC","url":"https:\/\/sinprfsc.org.br\/site\/","logo":{"@type":"ImageObject","inLanguage":"pt-BR","@id":"https:\/\/sinprfsc.org.br\/site\/#\/schema\/logo\/image\/","url":"https:\/\/sinprfsc.org.br\/site\/wp-content\/uploads\/2024\/11\/LogoSite_a.png","contentUrl":"https:\/\/sinprfsc.org.br\/site\/wp-content\/uploads\/2024\/11\/LogoSite_a.png","width":500,"height":228,"caption":"SINPRF\/SC"},"image":{"@id":"https:\/\/sinprfsc.org.br\/site\/#\/schema\/logo\/image\/"}},{"@type":"Person","@id":"https:\/\/sinprfsc.org.br\/site\/#\/schema\/person\/b7e065f384a95cf93eac9e05615d8c30","name":"ge57a0_@","image":{"@type":"ImageObject","inLanguage":"pt-BR","@id":"https:\/\/secure.gravatar.com\/avatar\/c0585496604dc1e63f501641924b5e306e95b4ff58f9b084c449218480323504?s=96&d=mm&r=g","url":"https:\/\/secure.gravatar.com\/avatar\/c0585496604dc1e63f501641924b5e306e95b4ff58f9b084c449218480323504?s=96&d=mm&r=g","contentUrl":"https:\/\/secure.gravatar.com\/avatar\/c0585496604dc1e63f501641924b5e306e95b4ff58f9b084c449218480323504?s=96&d=mm&r=g","caption":"ge57a0_@"},"sameAs":["https:\/\/sinprfsc.org.br\/site"],"url":"https:\/\/sinprfsc.org.br\/site\/author\/ge57a0_\/"}]}},"_links":{"self":[{"href":"https:\/\/sinprfsc.org.br\/site\/wp-json\/wp\/v2\/posts\/2807","targetHints":{"allow":["GET"]}}],"collection":[{"href":"https:\/\/sinprfsc.org.br\/site\/wp-json\/wp\/v2\/posts"}],"about":[{"href":"https:\/\/sinprfsc.org.br\/site\/wp-json\/wp\/v2\/types\/post"}],"author":[{"embeddable":true,"href":"https:\/\/sinprfsc.org.br\/site\/wp-json\/wp\/v2\/users\/1"}],"replies":[{"embeddable":true,"href":"https:\/\/sinprfsc.org.br\/site\/wp-json\/wp\/v2\/comments?post=2807"}],"version-history":[{"count":3,"href":"https:\/\/sinprfsc.org.br\/site\/wp-json\/wp\/v2\/posts\/2807\/revisions"}],"predecessor-version":[{"id":2814,"href":"https:\/\/sinprfsc.org.br\/site\/wp-json\/wp\/v2\/posts\/2807\/revisions\/2814"}],"wp:featuredmedia":[{"embeddable":true,"href":"https:\/\/sinprfsc.org.br\/site\/wp-json\/wp\/v2\/media\/2527"}],"wp:attachment":[{"href":"https:\/\/sinprfsc.org.br\/site\/wp-json\/wp\/v2\/media?parent=2807"}],"wp:term":[{"taxonomy":"category","embeddable":true,"href":"https:\/\/sinprfsc.org.br\/site\/wp-json\/wp\/v2\/categories?post=2807"},{"taxonomy":"post_tag","embeddable":true,"href":"https:\/\/sinprfsc.org.br\/site\/wp-json\/wp\/v2\/tags?post=2807"}],"curies":[{"name":"wp","href":"https:\/\/api.w.org\/{rel}","templated":true}]}}